{"id":31109,"date":"2026-04-16T19:05:42","date_gmt":"2026-04-16T19:05:42","guid":{"rendered":"https:\/\/undef.edu.ar\/fadena\/?p=31109"},"modified":"2026-04-16T19:07:39","modified_gmt":"2026-04-16T19:07:39","slug":"la-fadena-analizo-el-rol-de-la-argentina-en-la-agenda-de-seguridad-internacional","status":"publish","type":"post","link":"https:\/\/undef.edu.ar\/fadena\/la-fadena-analizo-el-rol-de-la-argentina-en-la-agenda-de-seguridad-internacional\/","title":{"rendered":"Charla abierta \u201cLa defensa argentina en la agenda de seguridad internacional\u201d"},"content":{"rendered":"\t\t<div data-elementor-type=\"wp-post\" data-elementor-id=\"31109\" class=\"elementor elementor-31109\">\n\t\t\t\t<div class=\"elementor-element elementor-element-af7d09e e-flex e-con-boxed parallax_section_no qode_elementor_container_no e-con e-parent\" data-id=\"af7d09e\" data-element_type=\"container\" data-e-type=\"container\">\n\t\t\t\t\t<div class=\"e-con-inner\">\n\t\t\t\t<div class=\"elementor-element elementor-element-5ac74be elementor-widget elementor-widget-text-editor\" data-id=\"5ac74be\" data-element_type=\"widget\" data-e-type=\"widget\" data-widget_type=\"text-editor.default\">\n\t\t\t\t<div class=\"elementor-widget-container\">\n\t\t\t\t\t\t\t\t\t<p style=\"text-align: justify;\"><strong>La Facultad de Defensa Nacional<\/strong> (FADENA) con la participaci\u00f3n de la Secretar\u00eda de Asuntos Internacionales (MINDEF), llevaron a cabo la charla abierta <em>\u201cLa defensa argentina en la agenda de seguridad internacional\u201d<\/em>, un espacio de intercambio orientado a analizar los principales ejes del escenario global en materia de seguridad y defensa.<\/p><p style=\"text-align: justify;\">El encuentro se desarroll\u00f3 el mi\u00e9rcoles 15 de abril en el Sal\u00f3n San Mart\u00edn del Rectorado y se centr\u00f3 en el an\u00e1lisis de los debates y conclusiones del Munich Security Conference 2026, uno de los principales foros internacionales en la materia.<\/p><p>La jornada fue presentada por el Dr. Julio C\u00e9sar Spota, rector de la Universidad de la Defensa Nacional, y cont\u00f3 con la exposici\u00f3n del Dr. Daniel Martella, Secretario de Asuntos Internacionales para la Defensa del Ministerio de Defensa, quien abord\u00f3 las transformaciones del sistema internacional y sus implicancias para la pol\u00edtica de defensa argentina.<\/p><p>Durante la actividad se analizaron tendencias como la reconfiguraci\u00f3n del orden global, el aumento de las tensiones geopol\u00edticas, la b\u00fasqueda de mayor autonom\u00eda estrat\u00e9gica por parte de Europa y el impulso de Estados Unidos hacia esquemas de responsabilidad compartida en materia de defensa. Asimismo, se destac\u00f3 el creciente protagonismo de la ciberseguridad, la protecci\u00f3n de infraestructuras cr\u00edticas y la competencia tecnol\u00f3gica como ejes estructurantes de los nuevos alineamientos internacionales.<\/p><p>En este marco, se subrayaron las oportunidades para fortalecer la cooperaci\u00f3n hemisf\u00e9rica en seguridad, as\u00ed como la importancia de consolidar la presencia argentina en foros estrat\u00e9gicos, promover una agenda bilateral activa con socios europeos y avanzar en procesos de modernizaci\u00f3n y cooperaci\u00f3n en defensa.<\/p><p>La charla se inscribe en la l\u00ednea de trabajo de la UNDEF orientada a promover el an\u00e1lisis cr\u00edtico y la producci\u00f3n de conocimiento estrat\u00e9gico, articulando la formaci\u00f3n acad\u00e9mica con los desaf\u00edos contempor\u00e1neos del sistema internacional.<\/p>\t\t\t\t\t\t\t\t<\/div>\n\t\t\t\t<\/div>\n\t\t\t\t\t<\/div>\n\t\t\t\t<\/div>\n\t\t<div class=\"elementor-element elementor-element-b5b6289 e-flex e-con-boxed parallax_section_no qode_elementor_container_no e-con e-parent\" data-id=\"b5b6289\" data-element_type=\"container\" data-e-type=\"container\">\n\t\t\t\t\t<div class=\"e-con-inner\">\n\t\t\t\t<div class=\"elementor-element elementor-element-c98aa37 elementor-arrows-position-inside elementor-pagination-position-outside elementor-widget elementor-widget-image-carousel\" data-id=\"c98aa37\" data-element_type=\"widget\" data-e-type=\"widget\" data-settings=\"{&quot;navigation&quot;:&quot;both&quot;,&quot;autoplay&quot;:&quot;yes&quot;,&quot;pause_on_hover&quot;:&quot;yes&quot;,&quot;pause_on_interaction&quot;:&quot;yes&quot;,&quot;autoplay_speed&quot;:5000,&quot;infinite&quot;:&quot;yes&quot;,&quot;speed&quot;:500}\" data-widget_type=\"image-carousel.default\">\n\t\t\t\t<div class=\"elementor-widget-container\">\n\t\t\t\t\t\t\t<div class=\"elementor-image-carousel-wrapper swiper\" role=\"region\" aria-roledescription=\"carousel\" aria-label=\"Carrusel de im\u00e1genes\" dir=\"ltr\">\n\t\t\t<div class=\"elementor-image-carousel swiper-wrapper\" aria-live=\"off\">\n\t\t\t\t\t\t\t\t<div class=\"swiper-slide\" role=\"group\" aria-roledescription=\"slide\" aria-label=\"1 de 4\"><figure class=\"swiper-slide-inner\"><img decoding=\"async\" class=\"swiper-slide-image\" src=\"https:\/\/undef.edu.ar\/fadena\/wp-content\/uploads\/2026\/04\/DSC6385-150x150.jpg\" alt=\"_DSC6385\" \/><\/figure><\/div><div class=\"swiper-slide\" role=\"group\" aria-roledescription=\"slide\" aria-label=\"2 de 4\"><figure class=\"swiper-slide-inner\"><img decoding=\"async\" class=\"swiper-slide-image\" src=\"https:\/\/undef.edu.ar\/fadena\/wp-content\/uploads\/2026\/04\/DSC6381-150x150.jpg\" alt=\"_DSC6381\" \/><\/figure><\/div><div class=\"swiper-slide\" role=\"group\" aria-roledescription=\"slide\" aria-label=\"3 de 4\"><figure class=\"swiper-slide-inner\"><img decoding=\"async\" class=\"swiper-slide-image\" src=\"https:\/\/undef.edu.ar\/fadena\/wp-content\/uploads\/2026\/04\/DSC6384-150x150.jpg\" alt=\"_DSC6384\" \/><\/figure><\/div><div class=\"swiper-slide\" role=\"group\" aria-roledescription=\"slide\" aria-label=\"4 de 4\"><figure class=\"swiper-slide-inner\"><img decoding=\"async\" class=\"swiper-slide-image\" src=\"https:\/\/undef.edu.ar\/fadena\/wp-content\/uploads\/2026\/04\/DSC6382-150x150.jpg\" alt=\"_DSC6382\" \/><\/figure><\/div>\t\t\t<\/div>\n\t\t\t\t\t\t\t\t\t\t\t\t<div class=\"elementor-swiper-button elementor-swiper-button-prev\" role=\"button\" tabindex=\"0\">\n\t\t\t\t\t\t<svg aria-hidden=\"true\" class=\"e-font-icon-svg e-eicon-chevron-left\" viewBox=\"0 0 1000 1000\" xmlns=\"http:\/\/www.w3.org\/2000\/svg\"><path d=\"M646 125C629 125 613 133 604 142L308 442C296 454 292 471 292 487 292 504 296 521 308 533L604 854C617 867 629 875 646 875 663 875 679 871 692 858 704 846 713 829 713 812 713 796 708 779 692 767L438 487 692 225C700 217 708 204 708 187 708 171 704 154 692 142 675 129 663 125 646 125Z\"><\/path><\/svg>\t\t\t\t\t<\/div>\n\t\t\t\t\t<div class=\"elementor-swiper-button elementor-swiper-button-next\" role=\"button\" tabindex=\"0\">\n\t\t\t\t\t\t<svg aria-hidden=\"true\" class=\"e-font-icon-svg e-eicon-chevron-right\" viewBox=\"0 0 1000 1000\" xmlns=\"http:\/\/www.w3.org\/2000\/svg\"><path d=\"M696 533C708 521 713 504 713 487 713 471 708 454 696 446L400 146C388 133 375 125 354 125 338 125 325 129 313 142 300 154 292 171 292 187 292 204 296 221 308 233L563 492 304 771C292 783 288 800 288 817 288 833 296 850 308 863 321 871 338 875 354 875 371 875 388 867 400 854L696 533Z\"><\/path><\/svg>\t\t\t\t\t<\/div>\n\t\t\t\t\n\t\t\t\t\t\t\t\t\t<div class=\"swiper-pagination\"><\/div>\n\t\t\t\t\t\t\t\t\t<\/div>\n\t\t\t\t\t\t<\/div>\n\t\t\t\t<\/div>\n\t\t\t\t\t<\/div>\n\t\t\t\t<\/div>\n\t\t\t\t<\/div>\n\t\t","protected":false},"excerpt":{"rendered":"<p>La Facultad de Defensa Nacional (FADENA) con la participaci\u00f3n de la Secretar\u00eda de Asuntos Internacionales (MINDEF), llevaron a cabo la&#8230;<\/p>\n","protected":false},"author":11,"featured_media":31111,"comment_status":"closed","ping_status":"open","sticky":false,"template":"","format":"standard","meta":{"footnotes":""},"categories":[1],"tags":[98],"class_list":["post-31109","post","type-post","status-publish","format-standard","has-post-thumbnail","hentry","category-sin-categoria","tag-destacada"],"yoast_head":"<!-- This site is optimized with the Yoast SEO plugin v27.4 - https:\/\/yoast.com\/product\/yoast-seo-wordpress\/ -->\n<title>Charla abierta \u201cLa defensa argentina en la agenda de seguridad internacional\u201d - FADENA<\/title>\n<meta name=\"robots\" content=\"index, follow, max-snippet:-1, max-image-preview:large, max-video-preview:-1\" \/>\n<link rel=\"canonical\" href=\"https:\/\/undef.edu.ar\/fadena\/la-fadena-analizo-el-rol-de-la-argentina-en-la-agenda-de-seguridad-internacional\/\" \/>\n<meta property=\"og:locale\" content=\"es_ES\" \/>\n<meta property=\"og:type\" content=\"article\" \/>\n<meta property=\"og:title\" content=\"Charla abierta \u201cLa defensa argentina en la agenda de seguridad internacional\u201d - FADENA\" \/>\n<meta property=\"og:description\" content=\"La Facultad de Defensa Nacional (FADENA) con la participaci\u00f3n de la Secretar\u00eda de Asuntos Internacionales (MINDEF), llevaron a cabo la...\" \/>\n<meta property=\"og:url\" content=\"https:\/\/undef.edu.ar\/fadena\/la-fadena-analizo-el-rol-de-la-argentina-en-la-agenda-de-seguridad-internacional\/\" \/>\n<meta property=\"og:site_name\" content=\"FADENA\" \/>\n<meta property=\"article:published_time\" content=\"2026-04-16T19:05:42+00:00\" \/>\n<meta property=\"article:modified_time\" content=\"2026-04-16T19:07:39+00:00\" \/>\n<meta property=\"og:image\" content=\"https:\/\/undef.edu.ar\/fadena\/wp-content\/uploads\/2026\/04\/DSC6381-scaled.jpg\" \/>\n\t<meta property=\"og:image:width\" content=\"2560\" \/>\n\t<meta property=\"og:image:height\" content=\"1707\" \/>\n\t<meta property=\"og:image:type\" content=\"image\/jpeg\" \/>\n<meta name=\"author\" content=\"mhidalgo\" \/>\n<meta name=\"twitter:card\" content=\"summary_large_image\" \/>\n<meta name=\"twitter:label1\" content=\"Escrito por\" \/>\n\t<meta name=\"twitter:data1\" content=\"mhidalgo\" \/>\n\t<meta name=\"twitter:label2\" content=\"Tiempo de lectura\" \/>\n\t<meta name=\"twitter:data2\" content=\"3 minutos\" \/>\n<script type=\"application\/ld+json\" class=\"yoast-schema-graph\">{\"@context\":\"https:\\\/\\\/schema.org\",\"@graph\":[{\"@type\":\"Article\",\"@id\":\"https:\\\/\\\/undef.edu.ar\\\/fadena\\\/la-fadena-analizo-el-rol-de-la-argentina-en-la-agenda-de-seguridad-internacional\\\/#article\",\"isPartOf\":{\"@id\":\"https:\\\/\\\/undef.edu.ar\\\/fadena\\\/la-fadena-analizo-el-rol-de-la-argentina-en-la-agenda-de-seguridad-internacional\\\/\"},\"author\":{\"name\":\"mhidalgo\",\"@id\":\"https:\\\/\\\/undef.edu.ar\\\/fadena\\\/#\\\/schema\\\/person\\\/dd560969c3e57310f1e355aeab7fd944\"},\"headline\":\"Charla abierta \u201cLa defensa argentina en la agenda de seguridad internacional\u201d\",\"datePublished\":\"2026-04-16T19:05:42+00:00\",\"dateModified\":\"2026-04-16T19:07:39+00:00\",\"mainEntityOfPage\":{\"@id\":\"https:\\\/\\\/undef.edu.ar\\\/fadena\\\/la-fadena-analizo-el-rol-de-la-argentina-en-la-agenda-de-seguridad-internacional\\\/\"},\"wordCount\":334,\"publisher\":{\"@id\":\"https:\\\/\\\/undef.edu.ar\\\/fadena\\\/#organization\"},\"image\":{\"@id\":\"https:\\\/\\\/undef.edu.ar\\\/fadena\\\/la-fadena-analizo-el-rol-de-la-argentina-en-la-agenda-de-seguridad-internacional\\\/#primaryimage\"},\"thumbnailUrl\":\"https:\\\/\\\/undef.edu.ar\\\/fadena\\\/wp-content\\\/uploads\\\/2026\\\/04\\\/DSC6381-scaled.jpg\",\"keywords\":[\"destacada\"],\"inLanguage\":\"es\"},{\"@type\":\"WebPage\",\"@id\":\"https:\\\/\\\/undef.edu.ar\\\/fadena\\\/la-fadena-analizo-el-rol-de-la-argentina-en-la-agenda-de-seguridad-internacional\\\/\",\"url\":\"https:\\\/\\\/undef.edu.ar\\\/fadena\\\/la-fadena-analizo-el-rol-de-la-argentina-en-la-agenda-de-seguridad-internacional\\\/\",\"name\":\"Charla abierta \u201cLa defensa argentina en la agenda de seguridad internacional\u201d - FADENA\",\"isPartOf\":{\"@id\":\"https:\\\/\\\/undef.edu.ar\\\/fadena\\\/#website\"},\"primaryImageOfPage\":{\"@id\":\"https:\\\/\\\/undef.edu.ar\\\/fadena\\\/la-fadena-analizo-el-rol-de-la-argentina-en-la-agenda-de-seguridad-internacional\\\/#primaryimage\"},\"image\":{\"@id\":\"https:\\\/\\\/undef.edu.ar\\\/fadena\\\/la-fadena-analizo-el-rol-de-la-argentina-en-la-agenda-de-seguridad-internacional\\\/#primaryimage\"},\"thumbnailUrl\":\"https:\\\/\\\/undef.edu.ar\\\/fadena\\\/wp-content\\\/uploads\\\/2026\\\/04\\\/DSC6381-scaled.jpg\",\"datePublished\":\"2026-04-16T19:05:42+00:00\",\"dateModified\":\"2026-04-16T19:07:39+00:00\",\"breadcrumb\":{\"@id\":\"https:\\\/\\\/undef.edu.ar\\\/fadena\\\/la-fadena-analizo-el-rol-de-la-argentina-en-la-agenda-de-seguridad-internacional\\\/#breadcrumb\"},\"inLanguage\":\"es\",\"potentialAction\":[{\"@type\":\"ReadAction\",\"target\":[\"https:\\\/\\\/undef.edu.ar\\\/fadena\\\/la-fadena-analizo-el-rol-de-la-argentina-en-la-agenda-de-seguridad-internacional\\\/\"]}]},{\"@type\":\"ImageObject\",\"inLanguage\":\"es\",\"@id\":\"https:\\\/\\\/undef.edu.ar\\\/fadena\\\/la-fadena-analizo-el-rol-de-la-argentina-en-la-agenda-de-seguridad-internacional\\\/#primaryimage\",\"url\":\"https:\\\/\\\/undef.edu.ar\\\/fadena\\\/wp-content\\\/uploads\\\/2026\\\/04\\\/DSC6381-scaled.jpg\",\"contentUrl\":\"https:\\\/\\\/undef.edu.ar\\\/fadena\\\/wp-content\\\/uploads\\\/2026\\\/04\\\/DSC6381-scaled.jpg\",\"width\":2560,\"height\":1707},{\"@type\":\"BreadcrumbList\",\"@id\":\"https:\\\/\\\/undef.edu.ar\\\/fadena\\\/la-fadena-analizo-el-rol-de-la-argentina-en-la-agenda-de-seguridad-internacional\\\/#breadcrumb\",\"itemListElement\":[{\"@type\":\"ListItem\",\"position\":1,\"name\":\"Portada\",\"item\":\"https:\\\/\\\/undef.edu.ar\\\/fadena\\\/\"},{\"@type\":\"ListItem\",\"position\":2,\"name\":\"Charla abierta \u201cLa defensa argentina en la agenda de seguridad internacional\u201d\"}]},{\"@type\":\"WebSite\",\"@id\":\"https:\\\/\\\/undef.edu.ar\\\/fadena\\\/#website\",\"url\":\"https:\\\/\\\/undef.edu.ar\\\/fadena\\\/\",\"name\":\"FADENA\",\"description\":\"Facultad de Defensa Nacional\",\"publisher\":{\"@id\":\"https:\\\/\\\/undef.edu.ar\\\/fadena\\\/#organization\"},\"potentialAction\":[{\"@type\":\"SearchAction\",\"target\":{\"@type\":\"EntryPoint\",\"urlTemplate\":\"https:\\\/\\\/undef.edu.ar\\\/fadena\\\/?s={search_term_string}\"},\"query-input\":{\"@type\":\"PropertyValueSpecification\",\"valueRequired\":true,\"valueName\":\"search_term_string\"}}],\"inLanguage\":\"es\"},{\"@type\":\"Organization\",\"@id\":\"https:\\\/\\\/undef.edu.ar\\\/fadena\\\/#organization\",\"name\":\"FADENA\",\"url\":\"https:\\\/\\\/undef.edu.ar\\\/fadena\\\/\",\"logo\":{\"@type\":\"ImageObject\",\"inLanguage\":\"es\",\"@id\":\"https:\\\/\\\/undef.edu.ar\\\/fadena\\\/#\\\/schema\\\/logo\\\/image\\\/\",\"url\":\"https:\\\/\\\/undef.edu.ar\\\/fadena\\\/wp-content\\\/uploads\\\/2025\\\/05\\\/Logos-actualizados-FADENA-1-01.png\",\"contentUrl\":\"https:\\\/\\\/undef.edu.ar\\\/fadena\\\/wp-content\\\/uploads\\\/2025\\\/05\\\/Logos-actualizados-FADENA-1-01.png\",\"width\":721,\"height\":154,\"caption\":\"FADENA\"},\"image\":{\"@id\":\"https:\\\/\\\/undef.edu.ar\\\/fadena\\\/#\\\/schema\\\/logo\\\/image\\\/\"}},{\"@type\":\"Person\",\"@id\":\"https:\\\/\\\/undef.edu.ar\\\/fadena\\\/#\\\/schema\\\/person\\\/dd560969c3e57310f1e355aeab7fd944\",\"name\":\"mhidalgo\",\"url\":\"https:\\\/\\\/undef.edu.ar\\\/fadena\\\/author\\\/mhidalgo\\\/\"}]}<\/script>\n<!-- \/ Yoast SEO plugin. -->","yoast_head_json":{"title":"Charla abierta \u201cLa defensa argentina en la agenda de seguridad internacional\u201d - FADENA","robots":{"index":"index","follow":"follow","max-snippet":"max-snippet:-1","max-image-preview":"max-image-preview:large","max-video-preview":"max-video-preview:-1"},"canonical":"https:\/\/undef.edu.ar\/fadena\/la-fadena-analizo-el-rol-de-la-argentina-en-la-agenda-de-seguridad-internacional\/","og_locale":"es_ES","og_type":"article","og_title":"Charla abierta \u201cLa defensa argentina en la agenda de seguridad internacional\u201d - FADENA","og_description":"La Facultad de Defensa Nacional (FADENA) con la participaci\u00f3n de la Secretar\u00eda de Asuntos Internacionales (MINDEF), llevaron a cabo la...","og_url":"https:\/\/undef.edu.ar\/fadena\/la-fadena-analizo-el-rol-de-la-argentina-en-la-agenda-de-seguridad-internacional\/","og_site_name":"FADENA","article_published_time":"2026-04-16T19:05:42+00:00","article_modified_time":"2026-04-16T19:07:39+00:00","og_image":[{"width":2560,"height":1707,"url":"https:\/\/undef.edu.ar\/fadena\/wp-content\/uploads\/2026\/04\/DSC6381-scaled.jpg","type":"image\/jpeg"}],"author":"mhidalgo","twitter_card":"summary_large_image","twitter_misc":{"Escrito por":"mhidalgo","Tiempo de lectura":"3 minutos"},"schema":{"@context":"https:\/\/schema.org","@graph":[{"@type":"Article","@id":"https:\/\/undef.edu.ar\/fadena\/la-fadena-analizo-el-rol-de-la-argentina-en-la-agenda-de-seguridad-internacional\/#article","isPartOf":{"@id":"https:\/\/undef.edu.ar\/fadena\/la-fadena-analizo-el-rol-de-la-argentina-en-la-agenda-de-seguridad-internacional\/"},"author":{"name":"mhidalgo","@id":"https:\/\/undef.edu.ar\/fadena\/#\/schema\/person\/dd560969c3e57310f1e355aeab7fd944"},"headline":"Charla abierta \u201cLa defensa argentina en la agenda de seguridad internacional\u201d","datePublished":"2026-04-16T19:05:42+00:00","dateModified":"2026-04-16T19:07:39+00:00","mainEntityOfPage":{"@id":"https:\/\/undef.edu.ar\/fadena\/la-fadena-analizo-el-rol-de-la-argentina-en-la-agenda-de-seguridad-internacional\/"},"wordCount":334,"publisher":{"@id":"https:\/\/undef.edu.ar\/fadena\/#organization"},"image":{"@id":"https:\/\/undef.edu.ar\/fadena\/la-fadena-analizo-el-rol-de-la-argentina-en-la-agenda-de-seguridad-internacional\/#primaryimage"},"thumbnailUrl":"https:\/\/undef.edu.ar\/fadena\/wp-content\/uploads\/2026\/04\/DSC6381-scaled.jpg","keywords":["destacada"],"inLanguage":"es"},{"@type":"WebPage","@id":"https:\/\/undef.edu.ar\/fadena\/la-fadena-analizo-el-rol-de-la-argentina-en-la-agenda-de-seguridad-internacional\/","url":"https:\/\/undef.edu.ar\/fadena\/la-fadena-analizo-el-rol-de-la-argentina-en-la-agenda-de-seguridad-internacional\/","name":"Charla abierta \u201cLa defensa argentina en la agenda de seguridad internacional\u201d - FADENA","isPartOf":{"@id":"https:\/\/undef.edu.ar\/fadena\/#website"},"primaryImageOfPage":{"@id":"https:\/\/undef.edu.ar\/fadena\/la-fadena-analizo-el-rol-de-la-argentina-en-la-agenda-de-seguridad-internacional\/#primaryimage"},"image":{"@id":"https:\/\/undef.edu.ar\/fadena\/la-fadena-analizo-el-rol-de-la-argentina-en-la-agenda-de-seguridad-internacional\/#primaryimage"},"thumbnailUrl":"https:\/\/undef.edu.ar\/fadena\/wp-content\/uploads\/2026\/04\/DSC6381-scaled.jpg","datePublished":"2026-04-16T19:05:42+00:00","dateModified":"2026-04-16T19:07:39+00:00","breadcrumb":{"@id":"https:\/\/undef.edu.ar\/fadena\/la-fadena-analizo-el-rol-de-la-argentina-en-la-agenda-de-seguridad-internacional\/#breadcrumb"},"inLanguage":"es","potentialAction":[{"@type":"ReadAction","target":["https:\/\/undef.edu.ar\/fadena\/la-fadena-analizo-el-rol-de-la-argentina-en-la-agenda-de-seguridad-internacional\/"]}]},{"@type":"ImageObject","inLanguage":"es","@id":"https:\/\/undef.edu.ar\/fadena\/la-fadena-analizo-el-rol-de-la-argentina-en-la-agenda-de-seguridad-internacional\/#primaryimage","url":"https:\/\/undef.edu.ar\/fadena\/wp-content\/uploads\/2026\/04\/DSC6381-scaled.jpg","contentUrl":"https:\/\/undef.edu.ar\/fadena\/wp-content\/uploads\/2026\/04\/DSC6381-scaled.jpg","width":2560,"height":1707},{"@type":"BreadcrumbList","@id":"https:\/\/undef.edu.ar\/fadena\/la-fadena-analizo-el-rol-de-la-argentina-en-la-agenda-de-seguridad-internacional\/#breadcrumb","itemListElement":[{"@type":"ListItem","position":1,"name":"Portada","item":"https:\/\/undef.edu.ar\/fadena\/"},{"@type":"ListItem","position":2,"name":"Charla abierta \u201cLa defensa argentina en la agenda de seguridad internacional\u201d"}]},{"@type":"WebSite","@id":"https:\/\/undef.edu.ar\/fadena\/#website","url":"https:\/\/undef.edu.ar\/fadena\/","name":"FADENA","description":"Facultad de Defensa Nacional","publisher":{"@id":"https:\/\/undef.edu.ar\/fadena\/#organization"},"potentialAction":[{"@type":"SearchAction","target":{"@type":"EntryPoint","urlTemplate":"https:\/\/undef.edu.ar\/fadena\/?s={search_term_string}"},"query-input":{"@type":"PropertyValueSpecification","valueRequired":true,"valueName":"search_term_string"}}],"inLanguage":"es"},{"@type":"Organization","@id":"https:\/\/undef.edu.ar\/fadena\/#organization","name":"FADENA","url":"https:\/\/undef.edu.ar\/fadena\/","logo":{"@type":"ImageObject","inLanguage":"es","@id":"https:\/\/undef.edu.ar\/fadena\/#\/schema\/logo\/image\/","url":"https:\/\/undef.edu.ar\/fadena\/wp-content\/uploads\/2025\/05\/Logos-actualizados-FADENA-1-01.png","contentUrl":"https:\/\/undef.edu.ar\/fadena\/wp-content\/uploads\/2025\/05\/Logos-actualizados-FADENA-1-01.png","width":721,"height":154,"caption":"FADENA"},"image":{"@id":"https:\/\/undef.edu.ar\/fadena\/#\/schema\/logo\/image\/"}},{"@type":"Person","@id":"https:\/\/undef.edu.ar\/fadena\/#\/schema\/person\/dd560969c3e57310f1e355aeab7fd944","name":"mhidalgo","url":"https:\/\/undef.edu.ar\/fadena\/author\/mhidalgo\/"}]}},"_links":{"self":[{"href":"https:\/\/undef.edu.ar\/fadena\/wp-json\/wp\/v2\/posts\/31109","targetHints":{"allow":["GET"]}}],"collection":[{"href":"https:\/\/undef.edu.ar\/fadena\/wp-json\/wp\/v2\/posts"}],"about":[{"href":"https:\/\/undef.edu.ar\/fadena\/wp-json\/wp\/v2\/types\/post"}],"author":[{"embeddable":true,"href":"https:\/\/undef.edu.ar\/fadena\/wp-json\/wp\/v2\/users\/11"}],"replies":[{"embeddable":true,"href":"https:\/\/undef.edu.ar\/fadena\/wp-json\/wp\/v2\/comments?post=31109"}],"version-history":[{"count":6,"href":"https:\/\/undef.edu.ar\/fadena\/wp-json\/wp\/v2\/posts\/31109\/revisions"}],"predecessor-version":[{"id":31119,"href":"https:\/\/undef.edu.ar\/fadena\/wp-json\/wp\/v2\/posts\/31109\/revisions\/31119"}],"wp:featuredmedia":[{"embeddable":true,"href":"https:\/\/undef.edu.ar\/fadena\/wp-json\/wp\/v2\/media\/31111"}],"wp:attachment":[{"href":"https:\/\/undef.edu.ar\/fadena\/wp-json\/wp\/v2\/media?parent=31109"}],"wp:term":[{"taxonomy":"category","embeddable":true,"href":"https:\/\/undef.edu.ar\/fadena\/wp-json\/wp\/v2\/categories?post=31109"},{"taxonomy":"post_tag","embeddable":true,"href":"https:\/\/undef.edu.ar\/fadena\/wp-json\/wp\/v2\/tags?post=31109"}],"curies":[{"name":"wp","href":"https:\/\/api.w.org\/{rel}","templated":true}]}}